{"id":229993,"date":"2026-04-26T07:29:13","date_gmt":"2026-04-26T07:29:13","guid":{"rendered":"https:\/\/www.purecostablanca.com\/turismo-provincia-de-alicante-2025-en-hechos-y-cifras\/"},"modified":"2026-04-26T07:29:48","modified_gmt":"2026-04-26T07:29:48","slug":"turismo-provincia-de-alicante-2025-en-hechos-y-cifras","status":"publish","type":"post","link":"https:\/\/www.purecostablanca.com\/es\/turismo-provincia-de-alicante-2025-en-hechos-y-cifras\/","title":{"rendered":"Turismo provincia de Alicante 2025 en hechos y cifras"},"content":{"rendered":"<p><div class=\"fusion-fullwidth fullwidth-box fusion-builder-row-1 fusion-flex-container nonhundred-percent-fullwidth non-hundred-percent-height-scrolling\" style=\"--awb-border-radius-top-left:0px;--awb-border-radius-top-right:0px;--awb-border-radius-bottom-right:0px;--awb-border-radius-bottom-left:0px;--awb-padding-right:20px;--awb-padding-left:20px;--awb-flex-wrap:wrap;\" ><div class=\"fusion-builder-row fusion-row fusion-flex-align-items-flex-start fusion-flex-content-wrap\" style=\"max-width:1560px;margin-left: calc(-4% \/ 2 );margin-right: calc(-4% \/ 2 );\"><div class=\"fusion-layout-column fusion_builder_column fusion-builder-column-0 fusion_builder_column_1_2 1_2 fusion-flex-column\" style=\"--awb-bg-blend:overlay;--awb-bg-size:cover;--awb-width-large:50%;--awb-margin-top-large:0px;--awb-spacing-right-large:3.84%;--awb-margin-bottom-large:0px;--awb-spacing-left-large:3.84%;--awb-width-medium:50%;--awb-spacing-right-medium:3.84%;--awb-spacing-left-medium:3.84%;--awb-width-small:100%;--awb-spacing-right-small:1.92%;--awb-spacing-left-small:1.92%;\"><div class=\"fusion-column-wrapper fusion-flex-justify-content-flex-start fusion-content-layout-column\"><div class=\"fusion-text fusion-text-1\"><p><strong><span class=\"citation-538\">ALICANTE &#8211; La provincia de Alicante ha batido todos los r\u00e9cords en turismo internacional en 2025<\/span>.  <\/strong><\/p>\n<p><span data-path-to-node=\"6,5\"><span class=\"citation-537\">El informe anual muestra que la Costa Blanca es m\u00e1s popular que nunca<\/span><\/span><span data-path-to-node=\"6,7\">. <\/span><span data-path-to-node=\"6,9\"><span class=\"citation-536\">Sin embargo, la forma en que los visitantes celebran sus vacaciones est\u00e1 cambiando<\/span><\/span><span data-path-to-node=\"6,11\">. <\/span> <\/p>\n<p><span data-path-to-node=\"6,13\"><span class=\"citation-535\">La provincia no s\u00f3lo atrae a m\u00e1s gente, sino que tambi\u00e9n aumenta el gasto medio diario por turista<\/span><\/span><span data-path-to-node=\"6,15\">.<\/span><\/p>\n<\/div><\/div><\/div><div class=\"fusion-layout-column fusion_builder_column fusion-builder-column-1 fusion_builder_column_1_2 1_2 fusion-flex-column\" style=\"--awb-bg-blend:overlay;--awb-bg-size:cover;--awb-width-large:50%;--awb-margin-top-large:0px;--awb-spacing-right-large:3.84%;--awb-margin-bottom-large:0px;--awb-spacing-left-large:3.84%;--awb-width-medium:50%;--awb-spacing-right-medium:3.84%;--awb-spacing-left-medium:3.84%;--awb-width-small:100%;--awb-spacing-right-small:1.92%;--awb-spacing-left-small:1.92%;\"><div class=\"fusion-column-wrapper fusion-flex-justify-content-flex-start fusion-content-layout-column\"><div class=\"fusion-image-element \" style=\"text-align:center;--awb-caption-title-font-family:var(--h2_typography-font-family);--awb-caption-title-font-weight:var(--h2_typography-font-weight);--awb-caption-title-font-style:var(--h2_typography-font-style);--awb-caption-title-size:var(--h2_typography-font-size);--awb-caption-title-transform:var(--h2_typography-text-transform);--awb-caption-title-line-height:var(--h2_typography-line-height);--awb-caption-title-letter-spacing:var(--h2_typography-letter-spacing);\"><span class=\" fusion-imageframe imageframe-none imageframe-1 hover-type-none\" style=\"border-radius:10px;\"><img decoding=\"async\" width=\"1200\" height=\"900\" alt=\"Visita el logo de Albir\" title=\"El Barrio Santa Cruz Alicante desde el castillo\" src=\"https:\/\/www.purecostablanca.com\/wp-content\/uploads\/2025\/07\/El-Barrio-Santa-Cruz-Alicante-vanaf-het-kasteel.jpg\" class=\"img-responsive wp-image-215440\" srcset=\"https:\/\/www.purecostablanca.com\/wp-content\/uploads\/2025\/07\/El-Barrio-Santa-Cruz-Alicante-vanaf-het-kasteel-200x150.jpg 200w, https:\/\/www.purecostablanca.com\/wp-content\/uploads\/2025\/07\/El-Barrio-Santa-Cruz-Alicante-vanaf-het-kasteel-400x300.jpg 400w, https:\/\/www.purecostablanca.com\/wp-content\/uploads\/2025\/07\/El-Barrio-Santa-Cruz-Alicante-vanaf-het-kasteel-600x450.jpg 600w, https:\/\/www.purecostablanca.com\/wp-content\/uploads\/2025\/07\/El-Barrio-Santa-Cruz-Alicante-vanaf-het-kasteel-800x600.jpg 800w, https:\/\/www.purecostablanca.com\/wp-content\/uploads\/2025\/07\/El-Barrio-Santa-Cruz-Alicante-vanaf-het-kasteel.jpg 1200w\" sizes=\"(max-width: 640px) 100vw, 800px\" \/><\/span><\/div><\/div><\/div><\/div><\/div><div class=\"fusion-fullwidth fullwidth-box fusion-builder-row-2 fusion-flex-container has-pattern-background has-mask-background nonhundred-percent-fullwidth non-hundred-percent-height-scrolling\" style=\"--awb-border-radius-top-left:0px;--awb-border-radius-top-right:0px;--awb-border-radius-bottom-right:0px;--awb-border-radius-bottom-left:0px;--awb-padding-right:20px;--awb-padding-left:20px;--awb-flex-wrap:wrap;\" ><div class=\"fusion-builder-row fusion-row fusion-flex-align-items-flex-start fusion-flex-content-wrap\" style=\"max-width:1560px;margin-left: calc(-4% \/ 2 );margin-right: calc(-4% \/ 2 );\"><div class=\"fusion-layout-column fusion_builder_column fusion-builder-column-2 fusion_builder_column_1_1 1_1 fusion-flex-column\" style=\"--awb-padding-top:10px;--awb-bg-size:cover;--awb-width-large:100%;--awb-margin-top-large:0px;--awb-spacing-right-large:1.92%;--awb-margin-bottom-large:20px;--awb-spacing-left-large:1.92%;--awb-width-medium:100%;--awb-order-medium:0;--awb-spacing-right-medium:1.92%;--awb-spacing-left-medium:1.92%;--awb-width-small:100%;--awb-order-small:0;--awb-spacing-right-small:1.92%;--awb-spacing-left-small:1.92%;\"><div class=\"fusion-column-wrapper fusion-column-has-shadow fusion-flex-justify-content-flex-start fusion-content-layout-column\"><div class=\"fusion-builder-row fusion-builder-row-inner fusion-row fusion-flex-align-items-flex-start fusion-flex-content-wrap\" style=\"--awb-min-height:no;--awb-min-height-medium:no;--awb-min-height-small:no;--awb-flex-grow:undefined;--awb-flex-grow-medium:undefined;--awb-flex-grow-small:undefined;--awb-flex-shrink:undefined;--awb-flex-shrink-medium:undefined;--awb-flex-shrink-small:undefined;width:104% !important;max-width:104% !important;margin-left: calc(-4% \/ 2 );margin-right: calc(-4% \/ 2 );\"><div class=\"fusion-layout-column fusion_builder_column_inner fusion-builder-nested-column-0 fusion_builder_column_inner_1_1 1_1 fusion-flex-column\" style=\"--awb-padding-top:10px;--awb-padding-right:10px;--awb-padding-bottom:10px;--awb-padding-left:10px;--awb-overflow:hidden;--awb-bg-color:var(--awb-color5);--awb-bg-color-hover:var(--awb-color5);--awb-bg-image:linear-gradient(13deg, rgba(244,241,234,0.53) 0%,rgba(255,255,255,0) 100%);--awb-bg-size:cover;--awb-border-radius:10px 10px 10px 10px;--awb-width-large:100%;--awb-margin-top-large:0px;--awb-spacing-right-large:1.92%;--awb-margin-bottom-large:0px;--awb-spacing-left-large:1.92%;--awb-width-medium:100%;--awb-order-medium:0;--awb-spacing-right-medium:1.92%;--awb-spacing-left-medium:1.92%;--awb-width-small:100%;--awb-order-small:0;--awb-spacing-right-small:1.92%;--awb-spacing-left-small:1.92%;\"><div class=\"fusion-column-wrapper fusion-column-has-shadow fusion-flex-justify-content-flex-start fusion-content-layout-column\"><div class=\"fusion-text fusion-text-2\" style=\"--awb-text-color:var(--awb-color1);\"><h2><span class=\"ez-toc-section\" id=\"en_resumen\"><\/span><span style=\"color: #ffffff;\">En resumen:<\/span><span class=\"ez-toc-section-end\"><\/span><\/h2>\n<ul data-path-to-node=\"3\">\n<li>\n<p id=\"p-rc_1470d06fe20043e9-252\" data-path-to-node=\"3,0,0\"><span data-path-to-node=\"3,0,0,1\"><span class=\"citation-631\"><b>Tema<\/b>: an\u00e1lisis de las cifras de turismo internacional de la provincia de Alicante<\/span><\/span><span data-path-to-node=\"3,0,0,3\">;<\/span><\/p>\n<\/li>\n<li>\n<p id=\"p-rc_1470d06fe20043e9-253\" data-path-to-node=\"3,1,0\"><span data-path-to-node=\"3,1,0,1\"><span class=\"citation-630\"><b>Motivo<\/b>: presentaci\u00f3n del informe anual 2025 del consejo de gobiernos<\/span><\/span><span data-path-to-node=\"3,1,0,3\">;<\/span><\/p>\n<\/li>\n<li>\n<p id=\"p-rc_1470d06fe20043e9-254\" data-path-to-node=\"3,2,0\"><span data-path-to-node=\"3,2,0,1\"><span class=\"citation-629\"><b>Tendencia principal<\/b>: paso de las visitas puramente playeras a la cultura y el deporte<\/span><\/span><span data-path-to-node=\"3,2,0,3\">;<\/span><\/p>\n<\/li>\n<li>\n<p id=\"p-rc_1470d06fe20043e9-255\" data-path-to-node=\"3,3,0\"><span data-path-to-node=\"3,3,0,1\"><span class=\"citation-628\"><b>Resultado<\/b>: r\u00e9cord de visitantes y mayor gasto diario<\/span><\/span><span data-path-to-node=\"3,3,0,3\">.<\/span><\/p>\n<\/li>\n<\/ul>\n<\/div><\/div><\/div><\/div><div class=\"fusion-builder-row fusion-builder-row-inner fusion-row fusion-flex-align-items-flex-start fusion-flex-content-wrap\" style=\"--awb-flex-grow:0;--awb-flex-grow-medium:0;--awb-flex-grow-small:0;--awb-flex-shrink:0;--awb-flex-shrink-medium:0;--awb-flex-shrink-small:0;width:104% !important;max-width:104% !important;margin-left: calc(-4% \/ 2 );margin-right: calc(-4% \/ 2 );\"><div class=\"fusion-layout-column fusion_builder_column_inner fusion-builder-nested-column-1 fusion_builder_column_inner_1_5 1_5 fusion-flex-column\" style=\"--awb-padding-top:15px;--awb-padding-right:15px;--awb-padding-left:15px;--awb-overflow:hidden;--awb-bg-size:cover;--awb-border-radius:10px 10px 10px 10px;--awb-width-large:20%;--awb-margin-top-large:0px;--awb-spacing-right-large:9.6%;--awb-margin-bottom-large:20px;--awb-spacing-left-large:9.6%;--awb-width-medium:20%;--awb-order-medium:0;--awb-spacing-right-medium:9.6%;--awb-spacing-left-medium:9.6%;--awb-width-small:25%;--awb-order-small:0;--awb-spacing-right-small:7.68%;--awb-spacing-left-small:7.68%;\"><div class=\"fusion-column-wrapper fusion-column-has-shadow fusion-flex-justify-content-flex-start fusion-content-layout-column\"><div class=\"fusion-image-element \" style=\"--awb-caption-title-font-family:var(--h2_typography-font-family);--awb-caption-title-font-weight:var(--h2_typography-font-weight);--awb-caption-title-font-style:var(--h2_typography-font-style);--awb-caption-title-size:var(--h2_typography-font-size);--awb-caption-title-transform:var(--h2_typography-text-transform);--awb-caption-title-line-height:var(--h2_typography-line-height);--awb-caption-title-letter-spacing:var(--h2_typography-letter-spacing);\"><span class=\" fusion-imageframe imageframe-none imageframe-2 hover-type-none\"><img decoding=\"async\" width=\"1500\" height=\"1500\" alt=\"Rick CostaBlanca.nl\" title=\"Foto de perfil Rick\" src=\"https:\/\/www.purecostablanca.com\/wp-content\/uploads\/2025\/05\/Profielfoto-Rick.png\" class=\"img-responsive wp-image-215164\" srcset=\"https:\/\/www.purecostablanca.com\/wp-content\/uploads\/2025\/05\/Profielfoto-Rick-200x200.png 200w, https:\/\/www.purecostablanca.com\/wp-content\/uploads\/2025\/05\/Profielfoto-Rick-400x400.png 400w, https:\/\/www.purecostablanca.com\/wp-content\/uploads\/2025\/05\/Profielfoto-Rick-600x600.png 600w, https:\/\/www.purecostablanca.com\/wp-content\/uploads\/2025\/05\/Profielfoto-Rick-800x800.png 800w, https:\/\/www.purecostablanca.com\/wp-content\/uploads\/2025\/05\/Profielfoto-Rick-1200x1200.png 1200w, https:\/\/www.purecostablanca.com\/wp-content\/uploads\/2025\/05\/Profielfoto-Rick.png 1500w\" sizes=\"(max-width: 640px) 100vw, 400px\" \/><\/span><\/div><\/div><\/div><div class=\"fusion-layout-column fusion_builder_column_inner fusion-builder-nested-column-2 fusion_builder_column_inner_4_5 4_5 fusion-flex-column fusion-flex-align-self-center\" style=\"--awb-padding-top:15px;--awb-padding-right:15px;--awb-padding-left:15px;--awb-overflow:hidden;--awb-bg-size:cover;--awb-border-radius:10px 10px 10px 10px;--awb-width-large:80%;--awb-margin-top-large:0px;--awb-spacing-right-large:2.4%;--awb-margin-bottom-large:0px;--awb-spacing-left-large:0%;--awb-width-medium:80%;--awb-order-medium:0;--awb-spacing-right-medium:2.4%;--awb-spacing-left-medium:0%;--awb-width-small:75%;--awb-order-small:0;--awb-spacing-right-small:2.56%;--awb-spacing-left-small:0%;\"><div class=\"fusion-column-wrapper fusion-column-has-shadow fusion-flex-justify-content-flex-start fusion-content-layout-column\"><div class=\"fusion-text fusion-text-3 fusion-text-no-margin\" style=\"--awb-margin-bottom:30px;\"><p>Autor: <b>Rick<\/b>,<b> <\/b><span style=\"letter-spacing: 0.24px; background-color: rgba(0, 0, 0, 0);\">m\u00e1s de 10 a\u00f1os activo en la Costa Blanca. Estos textos est\u00e1n escritos a partir de mis propias experiencias y basados en fuentes actuales.<\/span><\/p>\n<\/div><div class=\"fusion-text fusion-text-4 fusion-no-small-visibility\" style=\"--awb-margin-top:-20px;\"><p>P\u00e1gina actualizada el:  <b>26 abril 2026<\/b><\/p>\n<\/div><\/div><\/div><\/div><div class=\"fusion-text fusion-text-5\"><div id=\"ez-toc-container\" class=\"ez-toc-v2_0_82_2 counter-hierarchy ez-toc-counter ez-toc-custom ez-toc-container-direction\">\n<div class=\"ez-toc-title-container\">\n<p class=\"ez-toc-title\" style=\"cursor:inherit\">Tabla de contenido<\/p>\n<span class=\"ez-toc-title-toggle\"><a href=\"#\" class=\"ez-toc-pull-right ez-toc-btn ez-toc-btn-xs ez-toc-btn-default ez-toc-toggle\" aria-label=\"Alternar tabla de contenidos\"><span class=\"ez-toc-js-icon-con\"><span class=\"\"><span class=\"eztoc-hide\" style=\"display:none;\">Toggle<\/span><span class=\"ez-toc-icon-toggle-span\"><svg style=\"fill: #212326;color:#212326\" xmlns=\"http:\/\/www.w3.org\/2000\/svg\" class=\"list-377408\" width=\"20px\" height=\"20px\" viewBox=\"0 0 24 24\" fill=\"none\"><path d=\"M6 6H4v2h2V6zm14 0H8v2h12V6zM4 11h2v2H4v-2zm16 0H8v2h12v-2zM4 16h2v2H4v-2zm16 0H8v2h12v-2z\" fill=\"currentColor\"><\/path><\/svg><svg style=\"fill: #212326;color:#212326\" class=\"arrow-unsorted-368013\" xmlns=\"http:\/\/www.w3.org\/2000\/svg\" width=\"10px\" height=\"10px\" viewBox=\"0 0 24 24\" version=\"1.2\" baseProfile=\"tiny\"><path d=\"M18.2 9.3l-6.2-6.3-6.2 6.3c-.2.2-.3.4-.3.7s.1.5.3.7c.2.2.4.3.7.3h11c.3 0 .5-.1.7-.3.2-.2.3-.5.3-.7s-.1-.5-.3-.7zM5.8 14.7l6.2 6.3 6.2-6.3c.2-.2.3-.5.3-.7s-.1-.5-.3-.7c-.2-.2-.4-.3-.7-.3h-11c-.3 0-.5.1-.7.3-.2.2-.3.5-.3.7s.1.5.3.7z\"\/><\/svg><\/span><\/span><\/span><\/a><\/span><\/div>\n<nav><ul class='ez-toc-list ez-toc-list-level-1 eztoc-toggle-hide-by-default' ><li class='ez-toc-page-1 ez-toc-heading-level-2'><a class=\"ez-toc-link ez-toc-heading-1\" href=\"https:\/\/www.purecostablanca.com\/es\/turismo-provincia-de-alicante-2025-en-hechos-y-cifras\/#en_resumen\" >En resumen:<\/a><\/li><li class='ez-toc-page-1 ez-toc-heading-level-2'><a class=\"ez-toc-link ez-toc-heading-2\" href=\"https:\/\/www.purecostablanca.com\/es\/turismo-provincia-de-alicante-2025-en-hechos-y-cifras\/#nuevos_registros_de_visitantes_y_origenes\" >Nuevos registros de visitantes y or\u00edgenes<\/a><\/li><li class='ez-toc-page-1 ez-toc-heading-level-2'><a class=\"ez-toc-link ez-toc-heading-3\" href=\"https:\/\/www.purecostablanca.com\/es\/turismo-provincia-de-alicante-2025-en-hechos-y-cifras\/#cambio_en_las_actividades_de_vacaciones\" >Cambio en las actividades de vacaciones<\/a><\/li><li class='ez-toc-page-1 ez-toc-heading-level-2'><a class=\"ez-toc-link ez-toc-heading-4\" href=\"https:\/\/www.purecostablanca.com\/es\/turismo-provincia-de-alicante-2025-en-hechos-y-cifras\/#aumento_del_gasto_diario\" >Aumento del gasto diario<\/a><\/li><li class='ez-toc-page-1 ez-toc-heading-level-2'><a class=\"ez-toc-link ez-toc-heading-5\" href=\"https:\/\/www.purecostablanca.com\/es\/turismo-provincia-de-alicante-2025-en-hechos-y-cifras\/#conclusion_de_las_cifras_anuales\" >Conclusi\u00f3n de las cifras anuales<\/a><\/li><li class='ez-toc-page-1 ez-toc-heading-level-2'><a class=\"ez-toc-link ez-toc-heading-6\" href=\"https:\/\/www.purecostablanca.com\/es\/turismo-provincia-de-alicante-2025-en-hechos-y-cifras\/#mas_consejos_sobre_la_costa_blanca\" >M\u00e1s consejos sobre la Costa Blanca<\/a><\/li><\/ul><\/nav><\/div>\n\n<\/div><div class=\"fusion-text fusion-text-6\"><h2 id=\"p-rc_6b56d0db75f4051d-239\" data-path-to-node=\"7\"><span class=\"ez-toc-section\" id=\"nuevos_registros_de_visitantes_y_origenes\"><\/span>Nuevos registros de visitantes y or\u00edgenes<span class=\"ez-toc-section-end\"><\/span><\/h2>\n<p id=\"p-rc_6b56d0db75f4051d-239\" data-path-to-node=\"7\"><span data-path-to-node=\"7,2\"><span class=\"citation-534\">Un total de <b>8.453.139 turistas extranjeros<\/b> eligieron la provincia de Alicante para pasar sus vacaciones el a\u00f1o pasado (medio mill\u00f3n m\u00e1s que en 2024). <\/span><\/span><span data-path-to-node=\"7,4\">Permanecieron en la regi\u00f3n una media de <b>9,8 d\u00edas<\/b>. <\/span> <\/p>\n<p id=\"p-rc_6b56d0db75f4051d-239\" data-path-to-node=\"7\"><span data-path-to-node=\"7,6\"><span class=\"citation-533\">El mercado <i>brit\u00e1nico<\/i> sigue siendo el l\u00edder absoluto<\/span><\/span><span data-path-to-node=\"7,8\">. <\/span><span data-path-to-node=\"7,10\" style=\"letter-spacing: 0.27px; background-color: rgba(0, 0, 0, 0);\"><span class=\"citation-532\">La mayor\u00eda de los viajeros elige el avi\u00f3n; m\u00e1s <b>del 81% llega por el aeropuerto<\/b><\/span><\/span><span data-path-to-node=\"7,12\" style=\"letter-spacing: 0.27px; background-color: rgba(0, 0, 0, 0);\">. <\/span> <\/p>\n<p id=\"p-rc_6b56d0db75f4051d-239\" data-path-to-node=\"7\"><span data-path-to-node=\"7,12\" style=\"letter-spacing: 0.27px; background-color: rgba(0, 0, 0, 0);\">El desglose de los principales mercados para Alicante es el siguiente:<\/span><\/p>\n<ul data-path-to-node=\"8\">\n<li>\n<p id=\"p-rc_6b56d0db75f4051d-240\" data-path-to-node=\"8,0,0\"><span data-path-to-node=\"8,0,0,1\"><span class=\"citation-531\"><b>Reino Unido<\/b>: 31,4<\/span><\/span><span data-path-to-node=\"8,0,0,3\">;<\/span><\/p>\n<\/li>\n<li>\n<p id=\"p-rc_6b56d0db75f4051d-241\" data-path-to-node=\"8,1,0\"><span data-path-to-node=\"8,1,0,1\"><span class=\"citation-530\"><b>Francia<\/b>: 12<\/span><\/span><span data-path-to-node=\"8,1,0,3\">;<\/span><\/p>\n<\/li>\n<li>\n<p id=\"p-rc_6b56d0db75f4051d-242\" data-path-to-node=\"8,2,0\"><span data-path-to-node=\"8,2,0,1\"><span class=\"citation-529\"><b>Pa\u00edses n\u00f3rdicos<\/b>: 11<\/span><\/span><span data-path-to-node=\"8,2,0,3\">;<\/span><\/p>\n<\/li>\n<li>\n<p id=\"p-rc_6b56d0db75f4051d-243\" data-path-to-node=\"8,3,0\"><span data-path-to-node=\"8,3,0,1\"><span class=\"citation-528\"><b>Pa\u00edses Bajos<\/b>: 7,7<\/span><\/span><span data-path-to-node=\"8,3,0,3\">.<\/span><\/p>\n<\/li>\n<\/ul>\n<\/div><div class=\"fusion-text fusion-text-7\"><h2 data-path-to-node=\"9\"><span class=\"ez-toc-section\" id=\"cambio_en_las_actividades_de_vacaciones\"><\/span>Cambio en las actividades de vacaciones<span class=\"ez-toc-section-end\"><\/span><\/h2>\n<p data-path-to-node=\"9\"><span data-path-to-node=\"9,2\"><span class=\"citation-527\">Aunque la playa sigue siendo una atracci\u00f3n importante, ya no es la \u00fanica raz\u00f3n para viajar a la regi\u00f3n<\/span><\/span><span data-path-to-node=\"9,4\">. <\/span><span data-path-to-node=\"9,6\"><span class=\"citation-526\">Los visitantes muestran cada vez m\u00e1s <b>inter\u00e9s por otras actividades<\/b><\/span><\/span><span data-path-to-node=\"9,8\">. <\/span><span style=\"letter-spacing: 0.27px; background-color: rgba(0, 0, 0, 0);\">Durante unas vacaciones en la Costa Blanca, los visitantes suelen elegir estas actividades:<\/span><\/p>\n<ul data-path-to-node=\"10\">\n<li>\n<p data-path-to-node=\"10,0,0\"><span data-path-to-node=\"10,0,0,1\"><span class=\"citation-525\"><b>Uso de la playa<\/b>: 82<\/span><\/span><\/p>\n<\/li>\n<li>\n<p data-path-to-node=\"10,1,0\"><span data-path-to-node=\"10,1,0,1\"><span class=\"citation-524\"><b>Compras<\/b>: 68,4<\/span><\/span><\/p>\n<\/li>\n<li>\n<p data-path-to-node=\"10,2,0\"><span data-path-to-node=\"10,2,0,1\"><span class=\"citation-523\"><b>Visitar ciudades<\/b>: 66,8%.<\/span><\/span><\/p>\n<\/li>\n<li>\n<p data-path-to-node=\"10,2,0\"><b style=\"letter-spacing: 0.27px; background-color: rgba(0, 0, 0, 0);\"><span style=\"letter-spacing: 0.27px; background-color: rgba(0, 0, 0, 0);\">Entretenimiento y diversi\u00f3n<\/span><span style=\"font-weight: 400; letter-spacing: 0.27px; background-color: rgba(0, 0, 0, 0);\">: 34,8%<\/span><\/b><\/p>\n<\/li>\n<li>\n<p id=\"p-rc_6b56d0db75f4051d-248\" data-path-to-node=\"10,3,0\"><span data-path-to-node=\"10,3,0,1\"><span class=\"citation-522\"><b><span style=\"letter-spacing: 0.27px; background-color: rgba(0, 0, 0, 0);\">Actividades<a href=\"https:\/\/www.purecostablanca.com\/nl\/eten-drinken\/\" target=\"_blank\" rel=\"noopener noreferrer\" data-modified-href=\"https:\/\/www.purecostablanca.com\/es\/comida-y-bebida\/\">gastron\u00f3micas<\/a> <\/span><span style=\"font-weight: 400; letter-spacing: 0.27px; background-color: rgba(0, 0, 0, 0);\">: 33,3%<\/span><\/b><\/span><\/span><\/p>\n<\/li>\n<li>\n<p id=\"p-rc_6b56d0db75f4051d-248\" data-path-to-node=\"10,3,0\"><span data-path-to-node=\"10,3,0,1\"><span class=\"citation-522\"><b><span style=\"letter-spacing: 0.27px; background-color: rgba(0, 0, 0, 0);\">Visitas culturales<\/span><span style=\"font-weight: 400; letter-spacing: 0.27px; background-color: rgba(0, 0, 0, 0);\">: 31,6%<\/span><\/b><\/span><\/span><\/p>\n<\/li>\n<li>\n<p id=\"p-rc_6b56d0db75f4051d-248\" data-path-to-node=\"10,3,0\"><span data-path-to-node=\"10,3,0,1\"><span class=\"citation-522\"><b><span style=\"letter-spacing: 0.27px; background-color: rgba(0, 0, 0, 0);\">Visitas a <a href=\"https:\/\/www.purecostablanca.com\/nl\/natuurparken\/\" target=\"_blank\" rel=\"noopener noreferrer\" data-modified-href=\"https:\/\/www.purecostablanca.com\/es\/natuurparken\/\">espacios naturales<\/a><\/span><span style=\"font-weight: 400; letter-spacing: 0.27px; background-color: rgba(0, 0, 0, 0);\">: 29,3%<\/span><\/b><\/span><\/span><\/p>\n<\/li>\n<\/ul>\n<\/div><div class=\"fusion-text fusion-text-8\"><h2 id=\"p-rc_1470d06fe20043e9-285\" data-path-to-node=\"9\"><span class=\"ez-toc-section\" id=\"aumento_del_gasto_diario\"><\/span>Aumento del gasto diario<span class=\"ez-toc-section-end\"><\/span><\/h2>\n<p data-path-to-node=\"9\"><span data-path-to-node=\"9,2\"><span class=\"citation-610\">El cambio de preferencias tiene un efecto directo en los presupuestos de vacaciones<\/span><\/span><span data-path-to-node=\"9,4\">. <\/span><span data-path-to-node=\"9,6\"><span class=\"citation-609\"><b>El gasto medio diario<\/b> en la provincia de Alicante subi\u00f3 a 138,4 euros<\/span><\/span><span data-path-to-node=\"9,8\">. <\/span> <\/p>\n<p data-path-to-node=\"9\"><span data-path-to-node=\"9,10\"><span class=\"citation-608\">Los turistas que vienen espec\u00edficamente por <b>deporte<\/b> (176 euros) o <b>cultura<\/b> (150 euros) gastan bastante m\u00e1s que el visitante medio de playa (137 euros)<\/span><\/span><span data-path-to-node=\"9,12\">.<\/span><\/p>\n<h2 id=\"p-rc_1470d06fe20043e9-286\" data-path-to-node=\"10\"><span class=\"ez-toc-section\" id=\"conclusion_de_las_cifras_anuales\"><\/span>Conclusi\u00f3n de las cifras anuales<span class=\"ez-toc-section-end\"><\/span><\/h2>\n<p data-path-to-node=\"10\"><span data-path-to-node=\"10,2\"><span class=\"citation-606\">Los resultados de 2025 muestran que la Costa Blanca se est\u00e1 convirtiendo en un <b>destino vers\u00e1til durante todo el a\u00f1o<\/b><\/span><\/span><span data-path-to-node=\"10,4\">. <\/span><span data-path-to-node=\"10,6\"><span class=\"citation-605\">La combinaci\u00f3n de una cifra r\u00e9cord de m\u00e1s de 8,4 millones de visitantes y la voluntad de gastar m\u00e1s est\u00e1 fortaleciendo la econom\u00eda local<\/span><\/span><span data-path-to-node=\"10,8\">. <\/span> <\/p>\n<p data-path-to-node=\"10\"><span data-path-to-node=\"10,10\"><span class=\"citation-604\">Puedes encontrar todos los detalles espec\u00edficos sobre el origen y el comportamiento de los turistas en el informe anual oficial del gobierno<\/span><\/span><span data-path-to-node=\"10,12\">.<\/span><\/p>\n<\/div><div class=\"fusion-text fusion-text-9\"><p><strong>Fuente<\/strong>: <a href=\"https:\/\/www.turisme.gva.es\/opencms\/opencms\/turisme\/es\/contents\/estadistiquesdeturisme\/anuario\/perfil_turista\/perfil_turista.html\" target=\"_blank\" rel=\"noopener noreferrer\" data-modified-href=\"https:\/\/www.turisme.gva.es\/opencms\/opencms\/turisme\/es\/contents\/estadistiquesdeturisme\/anuario\/perfil_turista\/perfil_turista.html\" data-modified->Turisme Comunitat Valenciana<\/a><\/p>\n<\/div><div class=\"fusion-text fusion-text-10\"><h2 style=\"text-align: left;\"><span class=\"ez-toc-section\" id=\"mas_consejos_sobre_la_costa_blanca\"><\/span>M\u00e1s consejos sobre la Costa Blanca<span class=\"ez-toc-section-end\"><\/span><\/h2>\n<\/div><div class=\"fusion-builder-row fusion-builder-row-inner fusion-row fusion-flex-align-items-flex-start fusion-flex-content-wrap\" style=\"--awb-flex-grow:0;--awb-flex-grow-medium:0;--awb-flex-grow-small:0;--awb-flex-shrink:0;--awb-flex-shrink-medium:0;--awb-flex-shrink-small:0;width:104% !important;max-width:104% !important;margin-left: calc(-4% \/ 2 );margin-right: calc(-4% \/ 2 );\"><div class=\"fusion-layout-column fusion_builder_column_inner fusion-builder-nested-column-3 fusion_builder_column_inner_1_2 1_2 fusion-flex-column\" style=\"--awb-bg-size:cover;--awb-width-large:50%;--awb-margin-top-large:0px;--awb-spacing-right-large:3.84%;--awb-margin-bottom-large:10px;--awb-spacing-left-large:3.84%;--awb-width-medium:50%;--awb-order-medium:0;--awb-spacing-right-medium:3.84%;--awb-spacing-left-medium:3.84%;--awb-width-small:100%;--awb-order-small:0;--awb-spacing-right-small:1.92%;--awb-spacing-left-small:1.92%;\"><div class=\"fusion-column-wrapper fusion-column-has-shadow fusion-flex-justify-content-flex-start fusion-content-layout-column\"><div style=\"text-align:center;\"><a class=\"fusion-button button-flat fusion-button-default-size button-default fusion-button-default button-1 fusion-button-span-yes fusion-button-default-type\" style=\"--awb-margin-top:5px;--button_font_size:16px;\" target=\"_blank\" rel=\"noopener noreferrer\" href=\"https:\/\/www.purecostablanca.com\/es\/costa-blanca\/\"><span class=\"fusion-button-icon-divider button-icon-divider-left\"><i class=\"fa-map-marked-alt fas awb-button__icon awb-button__icon--default\" aria-hidden=\"true\"><\/i><\/span><span class=\"fusion-button-text awb-button__text awb-button__text--default fusion-button-text-left\">Informaci\u00f3n pr\u00e1ctica<\/span><\/a><\/div><\/div><\/div><div class=\"fusion-layout-column fusion_builder_column_inner fusion-builder-nested-column-4 fusion_builder_column_inner_1_2 1_2 fusion-flex-column\" style=\"--awb-bg-size:cover;--awb-width-large:50%;--awb-margin-top-large:0px;--awb-spacing-right-large:3.84%;--awb-margin-bottom-large:10px;--awb-spacing-left-large:3.84%;--awb-width-medium:50%;--awb-order-medium:0;--awb-spacing-right-medium:3.84%;--awb-spacing-left-medium:3.84%;--awb-width-small:100%;--awb-order-small:0;--awb-spacing-right-small:1.92%;--awb-spacing-left-small:1.92%;\"><div class=\"fusion-column-wrapper fusion-column-has-shadow fusion-flex-justify-content-flex-start fusion-content-layout-column\"><div style=\"text-align:center;\"><a class=\"fusion-button button-flat fusion-button-default-size button-default fusion-button-default button-2 fusion-button-span-yes fusion-button-default-type\" style=\"--awb-margin-top:5px;--button_font_size:16px;\" target=\"_blank\" rel=\"noopener noreferrer\" href=\"https:\/\/www.purecostablanca.com\/es\/actividades-costa-blanca\/\"><span class=\"fusion-button-icon-divider button-icon-divider-left\"><i class=\"fa-hiking fas awb-button__icon awb-button__icon--default\" aria-hidden=\"true\"><\/i><\/span><span class=\"fusion-button-text awb-button__text awb-button__text--default fusion-button-text-left\">Visores<\/span><\/a><\/div><\/div><\/div><div class=\"fusion-layout-column fusion_builder_column_inner fusion-builder-nested-column-5 fusion_builder_column_inner_1_2 1_2 fusion-flex-column\" style=\"--awb-bg-size:cover;--awb-width-large:50%;--awb-margin-top-large:0px;--awb-spacing-right-large:3.84%;--awb-margin-bottom-large:10px;--awb-spacing-left-large:3.84%;--awb-width-medium:50%;--awb-order-medium:0;--awb-spacing-right-medium:3.84%;--awb-spacing-left-medium:3.84%;--awb-width-small:100%;--awb-order-small:0;--awb-spacing-right-small:1.92%;--awb-spacing-left-small:1.92%;\"><div class=\"fusion-column-wrapper fusion-column-has-shadow fusion-flex-justify-content-flex-start fusion-content-layout-column\"><div style=\"text-align:center;\"><a class=\"fusion-button button-flat fusion-button-default-size button-default fusion-button-default button-3 fusion-button-span-yes fusion-button-default-type\" style=\"--awb-margin-top:5px;--button_font_size:16px;\" target=\"_blank\" rel=\"noopener noreferrer\" href=\"https:\/\/www.purecostablanca.com\/es\/accommodaties\/\"><span class=\"fusion-button-icon-divider button-icon-divider-left\"><i class=\"fa-bed fas awb-button__icon awb-button__icon--default\" aria-hidden=\"true\"><\/i><\/span><span class=\"fusion-button-text awb-button__text awb-button__text--default fusion-button-text-left\">Alojamientos<\/span><\/a><\/div><\/div><\/div><div class=\"fusion-layout-column fusion_builder_column_inner fusion-builder-nested-column-6 fusion_builder_column_inner_1_2 1_2 fusion-flex-column\" style=\"--awb-bg-size:cover;--awb-width-large:50%;--awb-margin-top-large:0px;--awb-spacing-right-large:3.84%;--awb-margin-bottom-large:10px;--awb-spacing-left-large:3.84%;--awb-width-medium:50%;--awb-order-medium:0;--awb-spacing-right-medium:3.84%;--awb-spacing-left-medium:3.84%;--awb-width-small:100%;--awb-order-small:0;--awb-spacing-right-small:1.92%;--awb-spacing-left-small:1.92%;\"><div class=\"fusion-column-wrapper fusion-column-has-shadow fusion-flex-justify-content-flex-start fusion-content-layout-column\"><div style=\"text-align:center;\"><a class=\"fusion-button button-flat fusion-button-default-size button-default fusion-button-default button-4 fusion-button-span-yes fusion-button-default-type\" style=\"--awb-margin-top:5px;--button_font_size:16px;\" target=\"_blank\" rel=\"noopener noreferrer\" href=\"https:\/\/www.purecostablanca.com\/es\/comida-y-bebida\/\"><span class=\"fusion-button-icon-divider button-icon-divider-left\"><i class=\"fa-utensils fas awb-button__icon awb-button__icon--default\" aria-hidden=\"true\"><\/i><\/span><span class=\"fusion-button-text awb-button__text awb-button__text--default fusion-button-text-left\">Restaurantes<\/span><\/a><\/div><\/div><\/div><div class=\"fusion-layout-column fusion_builder_column_inner fusion-builder-nested-column-7 fusion_builder_column_inner_1_2 1_2 fusion-flex-column\" style=\"--awb-bg-size:cover;--awb-width-large:50%;--awb-margin-top-large:0px;--awb-spacing-right-large:3.84%;--awb-margin-bottom-large:10px;--awb-spacing-left-large:3.84%;--awb-width-medium:50%;--awb-order-medium:0;--awb-spacing-right-medium:3.84%;--awb-spacing-left-medium:3.84%;--awb-width-small:100%;--awb-order-small:0;--awb-spacing-right-small:1.92%;--awb-spacing-left-small:1.92%;\"><div class=\"fusion-column-wrapper fusion-column-has-shadow fusion-flex-justify-content-flex-start fusion-content-layout-column\"><div style=\"text-align:center;\"><a class=\"fusion-button button-flat fusion-button-default-size button-default fusion-button-default button-5 fusion-button-span-yes fusion-button-default-type\" style=\"--awb-margin-top:5px;--button_font_size:16px;\" target=\"_blank\" rel=\"noopener noreferrer\" href=\"https:\/\/www.purecostablanca.com\/es\/stranden\/\"><span class=\"fusion-button-icon-divider button-icon-divider-left\"><i class=\"fa-umbrella-beach fas awb-button__icon awb-button__icon--default\" aria-hidden=\"true\"><\/i><\/span><span class=\"fusion-button-text awb-button__text awb-button__text--default fusion-button-text-left\">Playas<\/span><\/a><\/div><\/div><\/div><\/div><\/div><\/div><\/div><\/div><\/p>\n","protected":false},"excerpt":{"rendered":"<p>Datos y cifras sobre el turismo en la Costa Blanca en 2025. Popularidad en Europa, <b>n\u00famero de visitantes<\/b> y gasto. <\/p>\n","protected":false},"author":1,"featured_media":215440,"comment_status":"open","ping_status":"closed","sticky":false,"template":"","format":"standard","meta":{"_acf_changed":false,"footnotes":""},"categories":[809,710,724],"tags":[],"cb_plaats":[380,379],"post_folder":[],"class_list":["post-229993","post","type-post","status-publish","format-standard","has-post-thumbnail","hentry","category-noticias","category-alicante","category-benidorm","cb_plaats-alicante","cb_plaats-benidorm"],"acf":[],"_links":{"self":[{"href":"https:\/\/www.purecostablanca.com\/es\/wp-json\/wp\/v2\/posts\/229993","targetHints":{"allow":["GET"]}}],"collection":[{"href":"https:\/\/www.purecostablanca.com\/es\/wp-json\/wp\/v2\/posts"}],"about":[{"href":"https:\/\/www.purecostablanca.com\/es\/wp-json\/wp\/v2\/types\/post"}],"author":[{"embeddable":true,"href":"https:\/\/www.purecostablanca.com\/es\/wp-json\/wp\/v2\/users\/1"}],"replies":[{"embeddable":true,"href":"https:\/\/www.purecostablanca.com\/es\/wp-json\/wp\/v2\/comments?post=229993"}],"version-history":[{"count":0,"href":"https:\/\/www.purecostablanca.com\/es\/wp-json\/wp\/v2\/posts\/229993\/revisions"}],"wp:featuredmedia":[{"embeddable":true,"href":"https:\/\/www.purecostablanca.com\/es\/wp-json\/wp\/v2\/media\/215440"}],"wp:attachment":[{"href":"https:\/\/www.purecostablanca.com\/es\/wp-json\/wp\/v2\/media?parent=229993"}],"wp:term":[{"taxonomy":"category","embeddable":true,"href":"https:\/\/www.purecostablanca.com\/es\/wp-json\/wp\/v2\/categories?post=229993"},{"taxonomy":"post_tag","embeddable":true,"href":"https:\/\/www.purecostablanca.com\/es\/wp-json\/wp\/v2\/tags?post=229993"},{"taxonomy":"cb_plaats","embeddable":true,"href":"https:\/\/www.purecostablanca.com\/es\/wp-json\/wp\/v2\/cb_plaats?post=229993"},{"taxonomy":"post_folder","embeddable":true,"href":"https:\/\/www.purecostablanca.com\/es\/wp-json\/wp\/v2\/post_folder?post=229993"}],"curies":[{"name":"wp","href":"https:\/\/api.w.org\/{rel}","templated":true}]}}